{"id":3725,"date":"2026-08-30T11:42:26","date_gmt":"2026-08-30T09:42:26","guid":{"rendered":"https:\/\/lauftreff-tvheli.de\/lauftreff\/?p=3725"},"modified":"2026-08-30T11:42:57","modified_gmt":"2026-08-30T09:42:57","slug":"tv-startet-beim-waldauer-wiesenlauf","status":"publish","type":"post","link":"https:\/\/lauftreff-tvheli.de\/lauftreff\/2026\/08\/30\/tv-startet-beim-waldauer-wiesenlauf\/","title":{"rendered":"TV startet beim Waldauer Wiesenlauf"},"content":{"rendered":"<div class=\"wp-block-image\">\n<figure class=\"aligncenter size-large is-resized\"><img loading=\"lazy\" decoding=\"async\" width=\"1024\" height=\"768\" src=\"https:\/\/lauftreff-tvheli.de\/lauftreff\/wp-content\/uploads\/2026\/08\/2026.08.28-NHC-LSG-Kassel-25-1024x768.jpg\" alt=\"\" class=\"wp-image-3726\" style=\"width:600px\" srcset=\"https:\/\/lauftreff-tvheli.de\/lauftreff\/wp-content\/uploads\/2026\/08\/2026.08.28-NHC-LSG-Kassel-25-1024x768.jpg 1024w, https:\/\/lauftreff-tvheli.de\/lauftreff\/wp-content\/uploads\/2026\/08\/2026.08.28-NHC-LSG-Kassel-25-300x225.jpg 300w, https:\/\/lauftreff-tvheli.de\/lauftreff\/wp-content\/uploads\/2026\/08\/2026.08.28-NHC-LSG-Kassel-25-768x576.jpg 768w, https:\/\/lauftreff-tvheli.de\/lauftreff\/wp-content\/uploads\/2026\/08\/2026.08.28-NHC-LSG-Kassel-25-1536x1152.jpg 1536w, https:\/\/lauftreff-tvheli.de\/lauftreff\/wp-content\/uploads\/2026\/08\/2026.08.28-NHC-LSG-Kassel-25-2048x1536.jpg 2048w\" sizes=\"auto, (max-width: 1024px) 100vw, 1024px\" \/><figcaption class=\"wp-element-caption\">Bedrohlicher Hintergrund<\/figcaption><\/figure><\/div>\n\n\n<p>Mit 420 L\u00e4ufern ging es am Freitag beim 5. Waldauer Wiesenlauf durch die Aue in Kassel. Mit 28 Startern war der TV Hessisch Lichtenau mal wieder gut vertreten.<\/p>\n\n\n\n<p>Bei den Bambinis platzierte sich Caitlyn Herbert \u00fcber die 500 Meter mit Platz vier am besten.<\/p>\n\n\n\n<p>Bei str\u00f6mendem Regen fanden die L\u00e4ufe \u00fcber die 1 Kilometer Distanz statt. Jan Werner war mit 4:01 Minuten der Schnellste und belegte Rang zwei in der MU10. Ebenfalls in der MU10 startend ben\u00f6tigte Arthur Schlecht f\u00fcr Rang f\u00fcnf 4:41 Minuten. Den dritten Platz in der WU12 schaffte Jana Fedkow, sie erreichte das Ziel nach 4:38 Minuten.<\/p>\n\n\n\n<p>F\u00fcr vier Jugendliche vom TV stand der 5 Kilometerlauf als Generalprobe f\u00fcr den Kassel Minimarathon im Trainingsplan. Schnellster war mit 23:49 Minuten Marlon Brandl, er wurde in der MU14 Vierter. Oliver Weber (MU12) und Manuela Klockmann (W45) belegten gute dritte Pl\u00e4tze. \u00dcber einen Klassensieg freute sich Daniel Brandl, er gewann die M35 in einer Zeit von 24:05 Minuten.<\/p>\n\n\n\n<p>9,5 Kilometer lang war die Runde durch die Aue, mit Anne-Carin Maron war nur ein Athlet vom TV am Start. Mit 41:43 Minuten konnte sie ihre Klasse die W40 gewinnen.<\/p>\n\n\n\n<p>Mit Ralf Grunewald war \u00fcber 18 Kilometer ebenfalls nur ein TV Starter im Feld. Nach 1:36:57 Stunden erreichte er als Vierter in der M50 das Ziel am Sportplatz in Waldau.<\/p>\n\n\n\n<p><a href=\"https:\/\/flic.kr\/s\/aHBqjD3HED\">Bilder vom Lauf<\/a><\/p>\n\n\n<table width=\"453\">\n<tbody>\n<tr>\n<td width=\"90\">0,5 km<\/td>\n<td width=\"34\">4.<\/td>\n<td width=\"198\">Caitlyn Herbert<\/td>\n<td width=\"71\">\u00a0<\/td>\n<td width=\"60\">WU8<\/td>\n<\/tr>\n<tr>\n<td>\u00a0<\/td>\n<td>10.<\/td>\n<td>Mila Brandl<\/td>\n<td width=\"71\">\u00a0<\/td>\n<td>WU8<\/td>\n<\/tr>\n<tr>\n<td>\u00a0<\/td>\n<td>14.<\/td>\n<td>Luisa Ebrecht<\/td>\n<td width=\"71\">\u00a0<\/td>\n<td>WU8<\/td>\n<\/tr>\n<tr>\n<td>\u00a0<\/td>\n<td>15.<\/td>\n<td width=\"198\">Theo Maron<\/td>\n<td width=\"71\">\u00a0<\/td>\n<td>MU8<\/td>\n<\/tr>\n<tr>\n<td>\u00a0<\/td>\n<td>\u00a0<\/td>\n<td>\u00a0<\/td>\n<td width=\"71\">\u00a0<\/td>\n<td>\u00a0<\/td>\n<\/tr>\n<tr>\n<td>1,0 km<\/td>\n<td>11.<\/td>\n<td>Frieda Steinigk<\/td>\n<td width=\"71\">5:25<\/td>\n<td>WU10<\/td>\n<\/tr>\n<tr>\n<td>\u00a0<\/td>\n<td>16.<\/td>\n<td>Isabella Ebrecht<\/td>\n<td width=\"71\">6:38<\/td>\n<td>WU10<\/td>\n<\/tr>\n<tr>\n<td>\u00a0<\/td>\n<td>2.<\/td>\n<td>Jan Werner<\/td>\n<td width=\"71\">4:01<\/td>\n<td>MU10<\/td>\n<\/tr>\n<tr>\n<td>\u00a0<\/td>\n<td>5.<\/td>\n<td>Roman Schlecht<\/td>\n<td width=\"71\">4:17<\/td>\n<td>MU10<\/td>\n<\/tr>\n<tr>\n<td>\u00a0<\/td>\n<td>10.<\/td>\n<td>Arthur Fedkow<\/td>\n<td width=\"71\">4:41<\/td>\n<td>MU10<\/td>\n<\/tr>\n<tr>\n<td>\u00a0<\/td>\n<td>14.<\/td>\n<td>Maxim Schwarz<\/td>\n<td width=\"71\">5:33<\/td>\n<td>MU10<\/td>\n<\/tr>\n<tr>\n<td>\u00a0<\/td>\n<td>15.<\/td>\n<td>Johann Weber<\/td>\n<td width=\"71\">5:36<\/td>\n<td>MU10<\/td>\n<\/tr>\n<tr>\n<td>\u00a0<\/td>\n<td width=\"34\">17.<\/td>\n<td width=\"198\">Magnus Letzing<\/td>\n<td width=\"71\">5:42<\/td>\n<td>MU10<\/td>\n<\/tr>\n<tr>\n<td>\u00a0<\/td>\n<td>3.<\/td>\n<td>Jana Fedkow<\/td>\n<td width=\"71\">4:38<\/td>\n<td>WU12<\/td>\n<\/tr>\n<tr>\n<td>\u00a0<\/td>\n<td width=\"34\">\u00a0<\/td>\n<td width=\"198\">\u00a0<\/td>\n<td width=\"71\">\u00a0<\/td>\n<td>\u00a0<\/td>\n<\/tr>\n<tr>\n<td>5,0 km<\/td>\n<td>5.<\/td>\n<td>Viktoria Steinbrenner<\/td>\n<td width=\"71\">28:36<\/td>\n<td>WU12<\/td>\n<\/tr>\n<tr>\n<td>\u00a0<\/td>\n<td>3.<\/td>\n<td>Oliver Weber<\/td>\n<td width=\"71\">25:45<\/td>\n<td>MU12<\/td>\n<\/tr>\n<tr>\n<td>\u00a0<\/td>\n<td>4.<\/td>\n<td>Marlon Brandl<\/td>\n<td width=\"71\">23:49<\/td>\n<td>MU14<\/td>\n<\/tr>\n<tr>\n<td>\u00a0<\/td>\n<td>6.<\/td>\n<td>Fabian Weber<\/td>\n<td width=\"71\">29:07<\/td>\n<td>MU14<\/td>\n<\/tr>\n<tr>\n<td>\u00a0<\/td>\n<td width=\"34\">4.<\/td>\n<td width=\"198\">Xenia Steinbrenner<\/td>\n<td width=\"71\">26:01<\/td>\n<td>WU16<\/td>\n<\/tr>\n<tr>\n<td>\u00a0<\/td>\n<td width=\"34\">5.<\/td>\n<td width=\"198\">Paula M\u00fcller<\/td>\n<td width=\"71\">27:17<\/td>\n<td>WU16<\/td>\n<\/tr>\n<tr>\n<td>\u00a0<\/td>\n<td>6.<\/td>\n<td>Viktoria Jordan<\/td>\n<td width=\"71\">31:26<\/td>\n<td>WU16<\/td>\n<\/tr>\n<tr>\n<td>\u00a0<\/td>\n<td>4.<\/td>\n<td>Sophie R\u00fchling<\/td>\n<td width=\"71\">29:07<\/td>\n<td>W20<\/td>\n<\/tr>\n<tr>\n<td>\u00a0<\/td>\n<td>1.<\/td>\n<td>Daniel Brandl<\/td>\n<td width=\"71\">24:05<\/td>\n<td>M35<\/td>\n<\/tr>\n<tr>\n<td>\u00a0<\/td>\n<td>3.<\/td>\n<td>Manuela Klockmann<\/td>\n<td width=\"71\">26:42<\/td>\n<td>W45<\/td>\n<\/tr>\n<tr>\n<td>\u00a0<\/td>\n<td>14.<\/td>\n<td>Andr\u00e9 M\u00fcller<\/td>\n<td width=\"71\">31:27<\/td>\n<td>M45<\/td>\n<\/tr>\n<tr>\n<td>\u00a0<\/td>\n<td>\u00a0<\/td>\n<td>\u00a0<\/td>\n<td>\u00a0<\/td>\n<td>\u00a0<\/td>\n<\/tr>\n<tr>\n<td>9,5 km<\/td>\n<td>1.<\/td>\n<td>Anne-Carin Maron<\/td>\n<td width=\"71\">41:43<\/td>\n<td>W40<\/td>\n<\/tr>\n<tr>\n<td>\u00a0<\/td>\n<td>\u00a0<\/td>\n<td>\u00a0<\/td>\n<td>\u00a0<\/td>\n<td>\u00a0<\/td>\n<\/tr>\n<tr>\n<td>18,0 km<\/td>\n<td width=\"34\">4.<\/td>\n<td width=\"198\">Ralf Grunewald<\/td>\n<td width=\"71\">1:36:57<\/td>\n<td>M50<\/td>\n<\/tr>\n<\/tbody>\n<\/table>","protected":false},"excerpt":{"rendered":"<p>Mit 420 L\u00e4ufern ging es am Freitag beim 5. Waldauer Wiesenlauf durch die Aue in Kassel. Mit 28 Startern war der TV Hessisch Lichtenau mal wieder gut vertreten. Bei den Bambinis platzierte sich Caitlyn Herbert \u00fcber die 500 Meter mit Platz vier am besten. Bei str\u00f6mendem Regen fanden die L\u00e4ufe \u00fcber die 1 Kilometer Distanz &#8230;<\/p>\n","protected":false},"author":2,"featured_media":0,"comment_status":"closed","ping_status":"closed","sticky":false,"template":"","format":"image","meta":{"footnotes":""},"categories":[5],"tags":[110],"class_list":["post-3725","post","type-post","status-publish","format-image","hentry","category-nordhessencup","tag-waldau","post_format-post-format-image"],"_links":{"self":[{"href":"https:\/\/lauftreff-tvheli.de\/lauftreff\/wp-json\/wp\/v2\/posts\/3725","targetHints":{"allow":["GET"]}}],"collection":[{"href":"https:\/\/lauftreff-tvheli.de\/lauftreff\/wp-json\/wp\/v2\/posts"}],"about":[{"href":"https:\/\/lauftreff-tvheli.de\/lauftreff\/wp-json\/wp\/v2\/types\/post"}],"author":[{"embeddable":true,"href":"https:\/\/lauftreff-tvheli.de\/lauftreff\/wp-json\/wp\/v2\/users\/2"}],"replies":[{"embeddable":true,"href":"https:\/\/lauftreff-tvheli.de\/lauftreff\/wp-json\/wp\/v2\/comments?post=3725"}],"version-history":[{"count":2,"href":"https:\/\/lauftreff-tvheli.de\/lauftreff\/wp-json\/wp\/v2\/posts\/3725\/revisions"}],"predecessor-version":[{"id":3728,"href":"https:\/\/lauftreff-tvheli.de\/lauftreff\/wp-json\/wp\/v2\/posts\/3725\/revisions\/3728"}],"wp:attachment":[{"href":"https:\/\/lauftreff-tvheli.de\/lauftreff\/wp-json\/wp\/v2\/media?parent=3725"}],"wp:term":[{"taxonomy":"category","embeddable":true,"href":"https:\/\/lauftreff-tvheli.de\/lauftreff\/wp-json\/wp\/v2\/categories?post=3725"},{"taxonomy":"post_tag","embeddable":true,"href":"https:\/\/lauftreff-tvheli.de\/lauftreff\/wp-json\/wp\/v2\/tags?post=3725"}],"curies":[{"name":"wp","href":"https:\/\/api.w.org\/{rel}","templated":true}]}}