{"id":3608,"date":"2026-05-03T11:36:32","date_gmt":"2026-05-03T09:36:32","guid":{"rendered":"https:\/\/lauftreff-tvheli.de\/lauftreff\/?p=3608"},"modified":"2026-05-03T11:36:51","modified_gmt":"2026-05-03T09:36:51","slug":"volkslauf-durch-die-fuldaaue-in-kassel","status":"publish","type":"post","link":"https:\/\/lauftreff-tvheli.de\/lauftreff\/2026\/05\/03\/volkslauf-durch-die-fuldaaue-in-kassel\/","title":{"rendered":"Volkslauf durch die Fuldaaue in Kassel"},"content":{"rendered":"<div class=\"wp-block-image is-style-rounded\">\n<figure class=\"aligncenter size-large is-resized\"><img loading=\"lazy\" decoding=\"async\" width=\"1024\" height=\"771\" src=\"https:\/\/lauftreff-tvheli.de\/lauftreff\/wp-content\/uploads\/2026\/05\/2026.05.02-NHC-Kassel-6-1024x771.jpg\" alt=\"\" class=\"wp-image-3609\" style=\"width:600px\" srcset=\"https:\/\/lauftreff-tvheli.de\/lauftreff\/wp-content\/uploads\/2026\/05\/2026.05.02-NHC-Kassel-6-1024x771.jpg 1024w, https:\/\/lauftreff-tvheli.de\/lauftreff\/wp-content\/uploads\/2026\/05\/2026.05.02-NHC-Kassel-6-300x226.jpg 300w, https:\/\/lauftreff-tvheli.de\/lauftreff\/wp-content\/uploads\/2026\/05\/2026.05.02-NHC-Kassel-6-768x578.jpg 768w, https:\/\/lauftreff-tvheli.de\/lauftreff\/wp-content\/uploads\/2026\/05\/2026.05.02-NHC-Kassel-6-1536x1156.jpg 1536w, https:\/\/lauftreff-tvheli.de\/lauftreff\/wp-content\/uploads\/2026\/05\/2026.05.02-NHC-Kassel-6.jpg 1600w\" sizes=\"auto, (max-width: 1024px) 100vw, 1024px\" \/><\/figure><\/div>\n\n\n<p>Warm war es f\u00fcr die 480 Starter beim 9. WVC Volkslauf in Kassel. Unter ihnen auch 27 L\u00e4ufer aus Hessisch Lichtenau.<\/p>\n\n\n\n<p>F\u00fcr die sechs Bambinis ging es \u00fcber 400 Meter auf dem Radweg an der Fulda entlang, Caitlyn Herbert belegte dabei einen guten dritten Platz.<\/p>\n\n\n\n<p>Auf der Wendepunktstrecke \u00fcber 1 Kilometer war Oliver Weber mit 3:45 Minuten der schnellste TV Jugendliche und belegte Platz vier in der MU12. Jan Werner wurde Dritter in der MU10 mit 4:15 Minuten.<\/p>\n\n\n\n<p>Eine Runde durch die Buga liefen sechs Lichtenauer auf der 5 Kilometer Distanz. Mit 21:17 Minuten war Linus Schulze der Schnellste und belegte in der MU16 den f\u00fcnften Platz. Fabian Weber wurde in der MU14 mit 27:08 Minuten Dritter. Ebenfalls Platz drei schaffte Joachim B\u00fcnger in der M65 mit 24:25 Minuten. Einen Klassensieg schaffte Nicole Hobein in der W50 mit 24:33 Minuten.<\/p>\n\n\n\n<p>Zwei Runden standen f\u00fcr die f\u00fcnf Starter \u00fcber 10 Kilometer auf dem Programm. Schnellste TV Zeit und den Klassensieg in der W40 holte Anne-Carin Maron in 45:21 Minuten. In 58:13 Minuten belegte Wolfram Schulze den zweiten Platz in der M70.<\/p>\n\n\n\n<p>Vier Runden durften die Starter \u00fcber die 20 Kilometer absolvieren. Manuela Klockmann belegte den ersten Platz in der W45 in 1:43:54 Stunden. Jan Poppenh\u00e4ger wurde in der M55 Dritter mit einer Zeit von 1:34:40 Stunden.<\/p>\n\n\n\n<p><a href=\"https:\/\/flic.kr\/s\/aHBqjCSGFm\">Bilder vom Lauf<\/a><\/p>\n\n\n<table width=\"453\">\n<tbody>\n<tr>\n<td width=\"90\">0,4 km<\/td>\n<td width=\"34\">3.<\/td>\n<td width=\"198\">Caitlyn Herbert<\/td>\n<td width=\"71\">\u00a0<\/td>\n<td width=\"60\">WU8<\/td>\n<\/tr>\n<tr>\n<td>\u00a0<\/td>\n<td>11.<\/td>\n<td>Nelia Langlotz<\/td>\n<td width=\"71\">\u00a0<\/td>\n<td>WU8<\/td>\n<\/tr>\n<tr>\n<td>\u00a0<\/td>\n<td>18.<\/td>\n<td>Nora Langlotz<\/td>\n<td width=\"71\">\u00a0<\/td>\n<td>WU8<\/td>\n<\/tr>\n<tr>\n<td>\u00a0<\/td>\n<td>10.<\/td>\n<td>Theo Maron<\/td>\n<td width=\"71\">\u00a0<\/td>\n<td>MU8<\/td>\n<\/tr>\n<tr>\n<td>\u00a0<\/td>\n<td>17.<\/td>\n<td>Mahir Yildiray Imac<\/td>\n<td width=\"71\">\u00a0<\/td>\n<td>MU8<\/td>\n<\/tr>\n<tr>\n<td>\u00a0<\/td>\n<td>22.<\/td>\n<td>Zeynel Imac<\/td>\n<td width=\"71\">\u00a0<\/td>\n<td>MU8<\/td>\n<\/tr>\n<tr>\n<td>\u00a0<\/td>\n<td width=\"34\">\u00a0<\/td>\n<td width=\"198\">\u00a0<\/td>\n<td width=\"71\">\u00a0<\/td>\n<td>\u00a0<\/td>\n<\/tr>\n<tr>\n<td>1 km<\/td>\n<td width=\"34\">5.<\/td>\n<td width=\"198\">Klara Voit<\/td>\n<td width=\"71\">4:44<\/td>\n<td>WU10<\/td>\n<\/tr>\n<tr>\n<td>\u00a0<\/td>\n<td width=\"34\">8.<\/td>\n<td width=\"198\">Kamelia Cucu<\/td>\n<td width=\"71\">4:51<\/td>\n<td>WU10<\/td>\n<\/tr>\n<tr>\n<td>\u00a0<\/td>\n<td>16.<\/td>\n<td>Frieda Steinigk<\/td>\n<td width=\"71\">5:23<\/td>\n<td>WU10<\/td>\n<\/tr>\n<tr>\n<td>\u00a0<\/td>\n<td>3.<\/td>\n<td width=\"198\">Jan Werner<\/td>\n<td width=\"71\">4:15<\/td>\n<td>MU10<\/td>\n<\/tr>\n<tr>\n<td>\u00a0<\/td>\n<td>10.<\/td>\n<td>Max Herber<\/td>\n<td width=\"71\">4:34<\/td>\n<td>MU10<\/td>\n<\/tr>\n<tr>\n<td>\u00a0<\/td>\n<td>21.<\/td>\n<td>Johann Weber<\/td>\n<td width=\"71\">5:20<\/td>\n<td>MU10<\/td>\n<\/tr>\n<tr>\n<td>\u00a0<\/td>\n<td>7.<\/td>\n<td>Mia Werner<\/td>\n<td width=\"71\">4:58<\/td>\n<td>WU12<\/td>\n<\/tr>\n<tr>\n<td>\u00a0<\/td>\n<td>4.<\/td>\n<td>Oliver Weber<\/td>\n<td width=\"71\">3:45<\/td>\n<td>MU12<\/td>\n<\/tr>\n<tr>\n<td>\u00a0<\/td>\n<td>\u00a0<\/td>\n<td>\u00a0<\/td>\n<td width=\"71\">\u00a0<\/td>\n<td>\u00a0<\/td>\n<\/tr>\n<tr>\n<td>5,0 km<\/td>\n<td>3.<\/td>\n<td>Fabian Weber<\/td>\n<td width=\"71\">27:08<\/td>\n<td>MU14<\/td>\n<\/tr>\n<tr>\n<td>\u00a0<\/td>\n<td>4.<\/td>\n<td>Paula M\u00fcller<\/td>\n<td width=\"71\">27:51<\/td>\n<td>WU16<\/td>\n<\/tr>\n<tr>\n<td>\u00a0<\/td>\n<td>5.<\/td>\n<td>Linus Schulze<\/td>\n<td width=\"71\">21:17<\/td>\n<td>MU16<\/td>\n<\/tr>\n<tr>\n<td>\u00a0<\/td>\n<td>1.<\/td>\n<td>Nicole Hobein<\/td>\n<td width=\"71\">24:33<\/td>\n<td>W55<\/td>\n<\/tr>\n<tr>\n<td>\u00a0<\/td>\n<td>13.<\/td>\n<td>Franz Bosch<\/td>\n<td width=\"71\">27:57<\/td>\n<td>M60<\/td>\n<\/tr>\n<tr>\n<td>\u00a0<\/td>\n<td>3.<\/td>\n<td>Joachim B\u00fcnger<\/td>\n<td width=\"71\">24:25<\/td>\n<td>M65<\/td>\n<\/tr>\n<tr>\n<td>\u00a0<\/td>\n<td>\u00a0<\/td>\n<td>\u00a0<\/td>\n<td>\u00a0<\/td>\n<td>\u00a0<\/td>\n<\/tr>\n<tr>\n<td>10,0 km<\/td>\n<td>1.<\/td>\n<td>Anne-Carin Maron<\/td>\n<td width=\"71\">45:21<\/td>\n<td>W40<\/td>\n<\/tr>\n<tr>\n<td>\u00a0<\/td>\n<td>6.<\/td>\n<td>Ralf Grunewald<\/td>\n<td width=\"71\">53:35<\/td>\n<td>M50<\/td>\n<\/tr>\n<tr>\n<td>\u00a0<\/td>\n<td>7.<\/td>\n<td>Maik Zienteck<\/td>\n<td width=\"71\">54:35<\/td>\n<td>M50<\/td>\n<\/tr>\n<tr>\n<td>\u00a0<\/td>\n<td>9.<\/td>\n<td>Gregor Muth<\/td>\n<td width=\"71\">56:39<\/td>\n<td>M50<\/td>\n<\/tr>\n<tr>\n<td>\u00a0<\/td>\n<td>2.<\/td>\n<td>Wolfram Schulze<\/td>\n<td width=\"71\">58:13<\/td>\n<td>M70<\/td>\n<\/tr>\n<tr>\n<td>\u00a0<\/td>\n<td>\u00a0<\/td>\n<td>\u00a0<\/td>\n<td width=\"71\">\u00a0<\/td>\n<td>\u00a0<\/td>\n<\/tr>\n<tr>\n<td>20,0 km<\/td>\n<td>1.<\/td>\n<td>Manuela Klockmann<\/td>\n<td width=\"71\">1:43:54<\/td>\n<td>W45<\/td>\n<\/tr>\n<tr>\n<td>\u00a0<\/td>\n<td>3.<\/td>\n<td>Jan Poppenh\u00e4ger<\/td>\n<td width=\"71\">1:39:40<\/td>\n<td>M55<\/td>\n<\/tr>\n<\/tbody>\n<\/table>","protected":false},"excerpt":{"rendered":"<p>Warm war es f\u00fcr die 480 Starter beim 9. WVC Volkslauf in Kassel. Unter ihnen auch 27 L\u00e4ufer aus Hessisch Lichtenau. F\u00fcr die sechs Bambinis ging es \u00fcber 400 Meter auf dem Radweg an der Fulda entlang, Caitlyn Herbert belegte dabei einen guten dritten Platz. Auf der Wendepunktstrecke \u00fcber 1 Kilometer war Oliver Weber mit &#8230;<\/p>\n","protected":false},"author":2,"featured_media":0,"comment_status":"closed","ping_status":"closed","sticky":false,"template":"","format":"image","meta":{"footnotes":""},"categories":[5],"tags":[15],"class_list":["post-3608","post","type-post","status-publish","format-image","hentry","category-nordhessencup","tag-kassel","post_format-post-format-image"],"_links":{"self":[{"href":"https:\/\/lauftreff-tvheli.de\/lauftreff\/wp-json\/wp\/v2\/posts\/3608","targetHints":{"allow":["GET"]}}],"collection":[{"href":"https:\/\/lauftreff-tvheli.de\/lauftreff\/wp-json\/wp\/v2\/posts"}],"about":[{"href":"https:\/\/lauftreff-tvheli.de\/lauftreff\/wp-json\/wp\/v2\/types\/post"}],"author":[{"embeddable":true,"href":"https:\/\/lauftreff-tvheli.de\/lauftreff\/wp-json\/wp\/v2\/users\/2"}],"replies":[{"embeddable":true,"href":"https:\/\/lauftreff-tvheli.de\/lauftreff\/wp-json\/wp\/v2\/comments?post=3608"}],"version-history":[{"count":1,"href":"https:\/\/lauftreff-tvheli.de\/lauftreff\/wp-json\/wp\/v2\/posts\/3608\/revisions"}],"predecessor-version":[{"id":3610,"href":"https:\/\/lauftreff-tvheli.de\/lauftreff\/wp-json\/wp\/v2\/posts\/3608\/revisions\/3610"}],"wp:attachment":[{"href":"https:\/\/lauftreff-tvheli.de\/lauftreff\/wp-json\/wp\/v2\/media?parent=3608"}],"wp:term":[{"taxonomy":"category","embeddable":true,"href":"https:\/\/lauftreff-tvheli.de\/lauftreff\/wp-json\/wp\/v2\/categories?post=3608"},{"taxonomy":"post_tag","embeddable":true,"href":"https:\/\/lauftreff-tvheli.de\/lauftreff\/wp-json\/wp\/v2\/tags?post=3608"}],"curies":[{"name":"wp","href":"https:\/\/api.w.org\/{rel}","templated":true}]}}