{"id":3595,"date":"2026-04-27T19:49:37","date_gmt":"2026-04-27T17:49:37","guid":{"rendered":"https:\/\/lauftreff-tvheli.de\/lauftreff\/?p=3595"},"modified":"2026-04-27T19:53:27","modified_gmt":"2026-04-27T17:53:27","slug":"starkes-starterfeld-ueber-1-kilometer-in-koerle","status":"publish","type":"post","link":"https:\/\/lauftreff-tvheli.de\/lauftreff\/2026\/04\/27\/starkes-starterfeld-ueber-1-kilometer-in-koerle\/","title":{"rendered":"Starkes Starterfeld \u00fcber 1 Kilometer in K\u00f6rle"},"content":{"rendered":"<div class=\"wp-block-image is-style-default\">\n<figure class=\"aligncenter size-large is-resized\"><img loading=\"lazy\" decoding=\"async\" width=\"1024\" height=\"599\" src=\"https:\/\/lauftreff-tvheli.de\/lauftreff\/wp-content\/uploads\/2026\/04\/2026.04.25-NHC-Koerle-HP-1024x599.jpg\" alt=\"\" class=\"wp-image-3599\" style=\"width:600px\" srcset=\"https:\/\/lauftreff-tvheli.de\/lauftreff\/wp-content\/uploads\/2026\/04\/2026.04.25-NHC-Koerle-HP-1024x599.jpg 1024w, https:\/\/lauftreff-tvheli.de\/lauftreff\/wp-content\/uploads\/2026\/04\/2026.04.25-NHC-Koerle-HP-300x175.jpg 300w, https:\/\/lauftreff-tvheli.de\/lauftreff\/wp-content\/uploads\/2026\/04\/2026.04.25-NHC-Koerle-HP-768x449.jpg 768w, https:\/\/lauftreff-tvheli.de\/lauftreff\/wp-content\/uploads\/2026\/04\/2026.04.25-NHC-Koerle-HP-1536x898.jpg 1536w, https:\/\/lauftreff-tvheli.de\/lauftreff\/wp-content\/uploads\/2026\/04\/2026.04.25-NHC-Koerle-HP.jpg 1833w\" sizes=\"auto, (max-width: 1024px) 100vw, 1024px\" \/><\/figure><\/div>\n\n\n<p>Am Samstag ging es f\u00fcr die L\u00e4ufer wieder an die Berglandhalle in K\u00f6rle zum Volkslauf. Unter den Startern befanden sich auch 32 Aktive vom Lauftreff Hessisch Lichtenau. Das Wetter hat mitgespielt und f\u00fcr alle waren die Bedingungen optimal.<\/p>\n\n\n\n<p>Bei den weiblichen Bambinis setzte sich Caitlyn Herbert auf Platz drei durch. Bei den Jungen wurde es f\u00fcr Theo Maron der f\u00fcnfte Platz.<\/p>\n\n\n\n<p>Die 1 Kilometer \u00fcber den Sportplatz bestritten 16 Lichtenauer Nachwuchsl\u00e4ufer. Marlon Brandl ben\u00f6tigte 3:43 Minuten und wurde in der MU14 Zweiter. Mit 3:40 Minuten war Madita Menzel die schnellste TV Starterin und belegte in der WU16 den zweiten Platz. Jana Fedkow (WU14) und Fabian Weber (MU14) belegten in ihren Altersklassen gute dritte Pl\u00e4tze.<\/p>\n\n\n\n<p>Emily Schwarz wurde Zweite in der WU18 und Xenia Steinbrenner wurde Dritte in der WU16, beide liefen nach 26:13 Minuten zeitgleich \u00fcber die Ziellinie. Dritter in der M50 wurde Ralf Grunewald in 24:51 Minuten und ebenfalls Dritter in der M65 wurde Joachim B\u00fcnger in 25:05 Minuten. Schnellster \u00fcber die 5 Kilometer wurde Daniel Brandl mit 24:29 Minuten.<\/p>\n\n\n\n<p>Die schnellste Zeit \u00fcber 10 Kilometer holte Anne-Carin Maron mit 47:39 Minuten, damit belegte sie Rang eins in der W40. F\u00fcr Andr\u00e9 M\u00fcller wurde es Platz zwei in der M45. Jacob R\u00fchling verpasste das Treppchen mit Rang vier in der M20 nur knapp, er ben\u00f6tigte 53:24 Minuten. Gregor Muth machte das Quartett aus Heli komplett. Bis nach Eiterhagen ging es f\u00fcr die beiden Lichtenauer auf der 18,9 Kilometer langen Strecke. Sophie R\u00fchling konnte ihre Altersklasse die W20 mit 1:51:09 Stunden gewinnen. Franz Bosch belegte den dritten Platz in der M60.<\/p>\n\n\n<table width=\"453\">\n<tbody>\n<tr>\n<td width=\"90\">0,4 km<\/td>\n<td width=\"34\">3.<\/td>\n<td width=\"198\">Herbert, Caitlyn<\/td>\n<td width=\"71\">\u00a0<\/td>\n<td width=\"60\">WU8<\/td>\n<\/tr>\n<tr>\n<td>\u00a0<\/td>\n<td>15.<\/td>\n<td>Brandl, Mila<\/td>\n<td width=\"71\">\u00a0<\/td>\n<td>WU8<\/td>\n<\/tr>\n<tr>\n<td>\u00a0<\/td>\n<td>18.<\/td>\n<td>Bauer, Emilia<\/td>\n<td width=\"71\">\u00a0<\/td>\n<td>WU8<\/td>\n<\/tr>\n<tr>\n<td>\u00a0<\/td>\n<td>23.<\/td>\n<td>Ebrecht, Luisa<\/td>\n<td width=\"71\">\u00a0<\/td>\n<td>WU8<\/td>\n<\/tr>\n<tr>\n<td>\u00a0<\/td>\n<td>5.<\/td>\n<td>Maron, Theo<\/td>\n<td width=\"71\">\u00a0<\/td>\n<td>MU8<\/td>\n<\/tr>\n<tr>\n<td>\u00a0<\/td>\n<td>20.<\/td>\n<td>Eidam, Joris<\/td>\n<td width=\"71\">\u00a0<\/td>\n<td>MU8<\/td>\n<\/tr>\n<tr>\n<td>\u00a0<\/td>\n<td width=\"34\">\u00a0<\/td>\n<td width=\"198\">\u00a0<\/td>\n<td width=\"71\">\u00a0<\/td>\n<td>\u00a0<\/td>\n<\/tr>\n<tr>\n<td>1 km<\/td>\n<td width=\"34\">11.<\/td>\n<td width=\"198\">Cucu, Kamelia<\/td>\n<td width=\"71\">4:52<\/td>\n<td>WU10<\/td>\n<\/tr>\n<tr>\n<td>\u00a0<\/td>\n<td>19.<\/td>\n<td>Engelhardt, Amelie<\/td>\n<td width=\"71\">5:18<\/td>\n<td>WU10<\/td>\n<\/tr>\n<tr>\n<td>\u00a0<\/td>\n<td>21.<\/td>\n<td width=\"198\">Steinigk, Frieda<\/td>\n<td width=\"71\">5:43<\/td>\n<td>WU10<\/td>\n<\/tr>\n<tr>\n<td>\u00a0<\/td>\n<td>22.<\/td>\n<td>Ebrecht, Isabella<\/td>\n<td width=\"71\">5:49<\/td>\n<td>WU10<\/td>\n<\/tr>\n<tr>\n<td>\u00a0<\/td>\n<td>4.<\/td>\n<td>Werner, Jan<\/td>\n<td width=\"71\">3:54<\/td>\n<td>MU10<\/td>\n<\/tr>\n<tr>\n<td>\u00a0<\/td>\n<td>9.<\/td>\n<td>Fedkow, Arthur<\/td>\n<td width=\"71\">4:33<\/td>\n<td>MU10<\/td>\n<\/tr>\n<tr>\n<td>\u00a0<\/td>\n<td>16.<\/td>\n<td>Letzing, Magnus<\/td>\n<td width=\"71\">5:08<\/td>\n<td>MU10<\/td>\n<\/tr>\n<tr>\n<td>\u00a0<\/td>\n<td>17.<\/td>\n<td>Weber, Johann<\/td>\n<td width=\"71\">5:20<\/td>\n<td>MU10<\/td>\n<\/tr>\n<tr>\n<td>\u00a0<\/td>\n<td>4.<\/td>\n<td>Weber, Oliver<\/td>\n<td width=\"71\">3:50<\/td>\n<td>MU10<\/td>\n<\/tr>\n<tr>\n<td>\u00a0<\/td>\n<td>3.<\/td>\n<td>Fedkow, Jana<\/td>\n<td width=\"71\">4:17<\/td>\n<td>WU12<\/td>\n<\/tr>\n<tr>\n<td>\u00a0<\/td>\n<td>6.<\/td>\n<td>Steinbrenner, Viktoria<\/td>\n<td width=\"71\">4:23<\/td>\n<td>WU12<\/td>\n<\/tr>\n<tr>\n<td>\u00a0<\/td>\n<td>3.<\/td>\n<td>Fedkow, Jana<\/td>\n<td width=\"71\">4:17<\/td>\n<td>WU14<\/td>\n<\/tr>\n<tr>\n<td>\u00a0<\/td>\n<td>6.<\/td>\n<td>Steinbrenner, Viktoria<\/td>\n<td width=\"71\">4:23<\/td>\n<td>WU14<\/td>\n<\/tr>\n<tr>\n<td>\u00a0<\/td>\n<td>2.<\/td>\n<td>Brandl, Marlon<\/td>\n<td width=\"71\">3:43<\/td>\n<td>MU14<\/td>\n<\/tr>\n<tr>\n<td>\u00a0<\/td>\n<td>3.<\/td>\n<td>Weber, Fabian<\/td>\n<td width=\"71\">4:20<\/td>\n<td>MU14<\/td>\n<\/tr>\n<tr>\n<td>\u00a0<\/td>\n<td>2.<\/td>\n<td>Menzel, Madita<\/td>\n<td width=\"71\">3:40<\/td>\n<td>WU16<\/td>\n<\/tr>\n<tr>\n<td>\u00a0<\/td>\n<td>\u00a0<\/td>\n<td>\u00a0<\/td>\n<td width=\"71\">\u00a0<\/td>\n<td>\u00a0<\/td>\n<\/tr>\n<tr>\n<td>5,0 km<\/td>\n<td>3.<\/td>\n<td>Steinbrenner, Xenia<\/td>\n<td width=\"71\">26:13<\/td>\n<td>WU16<\/td>\n<\/tr>\n<tr>\n<td>\u00a0<\/td>\n<td>2.<\/td>\n<td>Schwarz, Emily<\/td>\n<td width=\"71\">26:13<\/td>\n<td>WU18<\/td>\n<\/tr>\n<tr>\n<td>\u00a0<\/td>\n<td>5.<\/td>\n<td>Brandl, Daniel<\/td>\n<td width=\"71\">24:49<\/td>\n<td>M35<\/td>\n<\/tr>\n<tr>\n<td>\u00a0<\/td>\n<td>3.<\/td>\n<td>Grunewald, Ralf<\/td>\n<td width=\"71\">24:51<\/td>\n<td>M50<\/td>\n<\/tr>\n<tr>\n<td>\u00a0<\/td>\n<td>5.<\/td>\n<td>Zienteck, Maik<\/td>\n<td width=\"71\">25:37<\/td>\n<td>M50<\/td>\n<\/tr>\n<tr>\n<td>\u00a0<\/td>\n<td>3.<\/td>\n<td>B\u00fcnger, Joachim<\/td>\n<td width=\"71\">25:05<\/td>\n<td>M65<\/td>\n<\/tr>\n<tr>\n<td>\u00a0<\/td>\n<td>\u00a0<\/td>\n<td>\u00a0<\/td>\n<td width=\"71\">\u00a0<\/td>\n<td>\u00a0<\/td>\n<\/tr>\n<tr>\n<td>10,0 km<\/td>\n<td>4.<\/td>\n<td>R\u00fchling, Jacob<\/td>\n<td width=\"71\">53:24<\/td>\n<td>M20<\/td>\n<\/tr>\n<tr>\n<td>\u00a0<\/td>\n<td>1.<\/td>\n<td>Maron, Anne-Carin<\/td>\n<td width=\"71\">47:39<\/td>\n<td>W40<\/td>\n<\/tr>\n<tr>\n<td>\u00a0<\/td>\n<td>2.<\/td>\n<td>M\u00fcller, Andr\u00e9<\/td>\n<td width=\"71\">59:27<\/td>\n<td>M45<\/td>\n<\/tr>\n<tr>\n<td>\u00a0<\/td>\n<td>6.<\/td>\n<td>Muth, Gregor<\/td>\n<td width=\"71\">57:09<\/td>\n<td>M50<\/td>\n<\/tr>\n<tr>\n<td>\u00a0<\/td>\n<td>\u00a0<\/td>\n<td>\u00a0<\/td>\n<td width=\"71\">\u00a0<\/td>\n<td>\u00a0<\/td>\n<\/tr>\n<tr>\n<td>18,9 km<\/td>\n<td>1.<\/td>\n<td>R\u00fchling, Sophie<\/td>\n<td width=\"71\">1:51:09<\/td>\n<td>W20<\/td>\n<\/tr>\n<tr>\n<td>\u00a0<\/td>\n<td>3.<\/td>\n<td>Bosch, Franz<\/td>\n<td width=\"71\">2:05:19<\/td>\n<td>M60<\/td>\n<\/tr>\n<\/tbody>\n<\/table>","protected":false},"excerpt":{"rendered":"<p>Am Samstag ging es f\u00fcr die L\u00e4ufer wieder an die Berglandhalle in K\u00f6rle zum Volkslauf. Unter den Startern befanden sich auch 32 Aktive vom Lauftreff Hessisch Lichtenau. Das Wetter hat mitgespielt und f\u00fcr alle waren die Bedingungen optimal. Bei den weiblichen Bambinis setzte sich Caitlyn Herbert auf Platz drei durch. Bei den Jungen wurde es &#8230;<\/p>\n","protected":false},"author":2,"featured_media":0,"comment_status":"closed","ping_status":"closed","sticky":false,"template":"","format":"image","meta":{"footnotes":""},"categories":[5],"tags":[51],"class_list":["post-3595","post","type-post","status-publish","format-image","hentry","category-nordhessencup","tag-koerle","post_format-post-format-image"],"_links":{"self":[{"href":"https:\/\/lauftreff-tvheli.de\/lauftreff\/wp-json\/wp\/v2\/posts\/3595","targetHints":{"allow":["GET"]}}],"collection":[{"href":"https:\/\/lauftreff-tvheli.de\/lauftreff\/wp-json\/wp\/v2\/posts"}],"about":[{"href":"https:\/\/lauftreff-tvheli.de\/lauftreff\/wp-json\/wp\/v2\/types\/post"}],"author":[{"embeddable":true,"href":"https:\/\/lauftreff-tvheli.de\/lauftreff\/wp-json\/wp\/v2\/users\/2"}],"replies":[{"embeddable":true,"href":"https:\/\/lauftreff-tvheli.de\/lauftreff\/wp-json\/wp\/v2\/comments?post=3595"}],"version-history":[{"count":5,"href":"https:\/\/lauftreff-tvheli.de\/lauftreff\/wp-json\/wp\/v2\/posts\/3595\/revisions"}],"predecessor-version":[{"id":3602,"href":"https:\/\/lauftreff-tvheli.de\/lauftreff\/wp-json\/wp\/v2\/posts\/3595\/revisions\/3602"}],"wp:attachment":[{"href":"https:\/\/lauftreff-tvheli.de\/lauftreff\/wp-json\/wp\/v2\/media?parent=3595"}],"wp:term":[{"taxonomy":"category","embeddable":true,"href":"https:\/\/lauftreff-tvheli.de\/lauftreff\/wp-json\/wp\/v2\/categories?post=3595"},{"taxonomy":"post_tag","embeddable":true,"href":"https:\/\/lauftreff-tvheli.de\/lauftreff\/wp-json\/wp\/v2\/tags?post=3595"}],"curies":[{"name":"wp","href":"https:\/\/api.w.org\/{rel}","templated":true}]}}