{"id":3534,"date":"2026-03-08T18:25:13","date_gmt":"2026-03-08T17:25:13","guid":{"rendered":"https:\/\/lauftreff-tvheli.de\/lauftreff\/?p=3534"},"modified":"2026-03-08T18:25:13","modified_gmt":"2026-03-08T17:25:13","slug":"anne-maron-startet-in-heringen-2","status":"publish","type":"post","link":"https:\/\/lauftreff-tvheli.de\/lauftreff\/2026\/03\/08\/anne-maron-startet-in-heringen-2\/","title":{"rendered":"Anne Maron startet in Heringen"},"content":{"rendered":"<div class=\"wp-block-image is-style-rounded\">\n<figure class=\"aligncenter size-full is-resized\"><img loading=\"lazy\" decoding=\"async\" width=\"966\" height=\"1007\" src=\"https:\/\/lauftreff-tvheli.de\/lauftreff\/wp-content\/uploads\/2026\/03\/2026.03.08-Heringen-HP.jpg\" alt=\"\" class=\"wp-image-3535\" style=\"width:600px\" srcset=\"https:\/\/lauftreff-tvheli.de\/lauftreff\/wp-content\/uploads\/2026\/03\/2026.03.08-Heringen-HP.jpg 966w, https:\/\/lauftreff-tvheli.de\/lauftreff\/wp-content\/uploads\/2026\/03\/2026.03.08-Heringen-HP-288x300.jpg 288w, https:\/\/lauftreff-tvheli.de\/lauftreff\/wp-content\/uploads\/2026\/03\/2026.03.08-Heringen-HP-768x801.jpg 768w\" sizes=\"auto, (max-width: 966px) 100vw, 966px\" \/><\/figure><\/div>\n\n\n<p>Am Sonntag startete der 2. Wertungslauf zur 12. Winterlaufserie in Heringen. Angeboten wurden 1 Kilometer f\u00fcr die Jugendlichen, sowie 5 und 10 Kilometer f\u00fcr Jugendliche und Erwachsene. Unter den Startern \u00fcber die 10 Kilometerstrecke, befand sich auch eine TV L\u00e4uferin. Anne-Carin Maron erreichte nach 46:22 Minuten das Ziel am Fritz-Kunze-Bad und gewann ihre Altersklasse, die W40 und holte den Gesamtsieg. \u00dcber die 1 Kilometer lange Distanz erreichte Theo Maron mit 6:27 Minuten den zweiten Platz.<\/p>\n\n\n<table width=\"453\">\n<tbody>\n<tr>\n<td width=\"90\">1 km<\/td>\n<td width=\"34\">2.<\/td>\n<td width=\"198\">Theo Maron<\/td>\n<td width=\"71\">6:27<\/td>\n<td width=\"60\">\u00a0<\/td>\n<\/tr>\n<tr>\n<td>\u00a0<\/td>\n<td width=\"34\">\u00a0<\/td>\n<td>\u00a0<\/td>\n<td width=\"71\">\u00a0<\/td>\n<td>\u00a0<\/td>\n<\/tr>\n<tr>\n<td>10 km<\/td>\n<td>1.<\/td>\n<td>Anne-Carin Maron<\/td>\n<td width=\"71\">45:32<\/td>\n<td>W40<\/td>\n<\/tr>\n<\/tbody>\n<\/table>","protected":false},"excerpt":{"rendered":"<p>Am Sonntag startete der 2. Wertungslauf zur 12. Winterlaufserie in Heringen. Angeboten wurden 1 Kilometer f\u00fcr die Jugendlichen, sowie 5 und 10 Kilometer f\u00fcr Jugendliche und Erwachsene. Unter den Startern \u00fcber die 10 Kilometerstrecke, befand sich auch eine TV L\u00e4uferin. Anne-Carin Maron erreichte nach 46:22 Minuten das Ziel am Fritz-Kunze-Bad und gewann ihre Altersklasse, die &#8230;<\/p>\n","protected":false},"author":2,"featured_media":0,"comment_status":"closed","ping_status":"open","sticky":false,"template":"","format":"image","meta":{"footnotes":""},"categories":[1],"tags":[141],"class_list":["post-3534","post","type-post","status-publish","format-image","hentry","category-allgemein","tag-heringen","post_format-post-format-image"],"_links":{"self":[{"href":"https:\/\/lauftreff-tvheli.de\/lauftreff\/wp-json\/wp\/v2\/posts\/3534","targetHints":{"allow":["GET"]}}],"collection":[{"href":"https:\/\/lauftreff-tvheli.de\/lauftreff\/wp-json\/wp\/v2\/posts"}],"about":[{"href":"https:\/\/lauftreff-tvheli.de\/lauftreff\/wp-json\/wp\/v2\/types\/post"}],"author":[{"embeddable":true,"href":"https:\/\/lauftreff-tvheli.de\/lauftreff\/wp-json\/wp\/v2\/users\/2"}],"replies":[{"embeddable":true,"href":"https:\/\/lauftreff-tvheli.de\/lauftreff\/wp-json\/wp\/v2\/comments?post=3534"}],"version-history":[{"count":1,"href":"https:\/\/lauftreff-tvheli.de\/lauftreff\/wp-json\/wp\/v2\/posts\/3534\/revisions"}],"predecessor-version":[{"id":3536,"href":"https:\/\/lauftreff-tvheli.de\/lauftreff\/wp-json\/wp\/v2\/posts\/3534\/revisions\/3536"}],"wp:attachment":[{"href":"https:\/\/lauftreff-tvheli.de\/lauftreff\/wp-json\/wp\/v2\/media?parent=3534"}],"wp:term":[{"taxonomy":"category","embeddable":true,"href":"https:\/\/lauftreff-tvheli.de\/lauftreff\/wp-json\/wp\/v2\/categories?post=3534"},{"taxonomy":"post_tag","embeddable":true,"href":"https:\/\/lauftreff-tvheli.de\/lauftreff\/wp-json\/wp\/v2\/tags?post=3534"}],"curies":[{"name":"wp","href":"https:\/\/api.w.org\/{rel}","templated":true}]}}